{"id":4234,"date":"2025-05-29T02:03:53","date_gmt":"2025-05-29T00:03:53","guid":{"rendered":"https:\/\/www.saccent.net\/articles-fr\/premiere-vision-paris-session-de-septembre\/"},"modified":"2025-06-05T16:29:34","modified_gmt":"2025-06-05T14:29:34","slug":"premiere-vision-paris-session-de-septembre","status":"publish","type":"post","link":"https:\/\/www.saccent.net\/fr\/premiere-vision-paris-session-de-septembre\/","title":{"rendered":"Premi\u00e8re Vision Paris (session de septembre)"},"content":{"rendered":"\n<p>Premi\u00e8re Vision Paris est un prestigieux \u00e9v\u00e9nement biannuel qui sert d&rsquo;observatoire mondial pour l&rsquo;industrie de la mode. L&rsquo;\u00e9dition de septembre est consacr\u00e9e \u00e0 la saison Automne\/Hiver 2026-2027 et rassemble un panorama complet des mati\u00e8res premi\u00e8res et des services essentiels \u00e0 la cr\u00e9ation de v\u00eatements, sacs, chaussures et bijoux. <\/p>\n\n<p><strong>L&rsquo;espace cuir \u2013 Premi\u00e8re Vision Leather<\/strong><\/p>\n\n<p>Ce hall d\u00e9di\u00e9 est un espace d&rsquo;exposition haut de gamme pr\u00e9sentant plus de <strong>350 tanneurs et fourreurs internationaux de premier plan<\/strong>. Il offre une vari\u00e9t\u00e9 exceptionnelle de cuirs, notamment : <\/p>\n\n<ul class=\"wp-block-list\">\n<li>Cuir frott\u00e9 et cuir de poisson<\/li>\n\n\n\n<li>Cuir de ch\u00e8vre, de serpent et parchemin<\/li>\n<\/ul>\n\n<p>Ces mat\u00e9riaux constituent une riche source d&rsquo;inspiration pour un design innovant.<\/p>\n\n<p><strong>Caract\u00e9ristiques principales<\/strong> :<\/p>\n\n<ul class=\"wp-block-list\">\n<li><strong>La Galerie des Tendances<\/strong> : Une galerie de tendances exclusivement consacr\u00e9e aux tendances du cuir.<\/li>\n\n\n\n<li><strong>Incube Innovation Forum<\/strong> : Une plateforme mettant en lumi\u00e8re les avanc\u00e9es de pointe dans les technologies du cuir et du tannage.<\/li>\n<\/ul>\n\n<p><strong>Participants<\/strong><\/p>\n\n<p>Plus de <strong>60 000 professionnels<\/strong> sont attendus, dont <strong>75 % provenant de march\u00e9s internationaux<\/strong>. L&rsquo;\u00e9v\u00e9nement accueille un \u00e9ventail diversifi\u00e9 de professionnels, notamment : <\/p>\n\n<ul class=\"wp-block-list\">\n<li>Acheteurs et agents d&rsquo;approvisionnement<\/li>\n\n\n\n<li>Stylistes et cr\u00e9ateurs de mode<\/li>\n\n\n\n<li>Cr\u00e9ateurs de pr\u00eat-\u00e0-porter, d&rsquo;accessoires et de maisons de luxe<\/li>\n<\/ul>\n\n<p><strong>Temps forts de l&rsquo;agenda<\/strong><\/p>\n\n<p><strong>Opportunit\u00e9s de r\u00e9seautage<\/strong> : Impliquant tous les segments de la cha\u00eene d&rsquo;approvisionnement de la mode<\/p>\n\n<p><strong>Forum des Tendances<\/strong> : Pr\u00e9sentations perspicaces des orientations saisonni\u00e8res<\/p>\n\n<p><strong>S\u00e9minaires<\/strong> : Couvrant les innovations en mati\u00e8re de mode, de textile et de mat\u00e9riaux<\/p>\n\n<p><strong>Conf\u00e9rences sur la durabilit\u00e9<\/strong> : Ax\u00e9es sur la cr\u00e9ation responsable et \u00e9thique<\/p>\n","protected":false},"excerpt":{"rendered":"<p>L&rsquo;\u00e9v\u00e9nement mondial pour les professionnels de la mode, couvrant l&rsquo;ensemble de la cha\u00eene de valeur, des fils \u00e0 la fabrication, avec une section d\u00e9di\u00e9e au cuir.<\/p>\n","protected":false},"author":2,"featured_media":4243,"comment_status":"open","ping_status":"open","sticky":false,"template":"","format":"standard","meta":{"_acf_changed":false,"slim_seo":{"title":"Premi\u00e8re Vision Paris (session de septembre) - Saccent","description":"L'\u00e9v\u00e9nement mondial pour les professionnels de la mode, couvrant l'ensemble de la cha\u00eene de valeur, des fils \u00e0 la fabrication, avec une section d\u00e9di\u00e9e au cuir."},"footnotes":""},"categories":[81],"tags":[],"class_list":["post-4234","post","type-post","status-publish","format-standard","has-post-thumbnail","hentry","category-actualites-evenements"],"acf":{"link":"https:\/\/www.premierevision.com\/","date":"Du 16 au 18 septembre 2025","start_date":"20250916","location":"Parc des Expositions Paris Nord Villepinte, Paris, France"},"_links":{"self":[{"href":"https:\/\/www.saccent.net\/fr\/wp-json\/wp\/v2\/posts\/4234","targetHints":{"allow":["GET"]}}],"collection":[{"href":"https:\/\/www.saccent.net\/fr\/wp-json\/wp\/v2\/posts"}],"about":[{"href":"https:\/\/www.saccent.net\/fr\/wp-json\/wp\/v2\/types\/post"}],"author":[{"embeddable":true,"href":"https:\/\/www.saccent.net\/fr\/wp-json\/wp\/v2\/users\/2"}],"replies":[{"embeddable":true,"href":"https:\/\/www.saccent.net\/fr\/wp-json\/wp\/v2\/comments?post=4234"}],"version-history":[{"count":1,"href":"https:\/\/www.saccent.net\/fr\/wp-json\/wp\/v2\/posts\/4234\/revisions"}],"predecessor-version":[{"id":4236,"href":"https:\/\/www.saccent.net\/fr\/wp-json\/wp\/v2\/posts\/4234\/revisions\/4236"}],"wp:featuredmedia":[{"embeddable":true,"href":"https:\/\/www.saccent.net\/fr\/wp-json\/wp\/v2\/media\/4243"}],"wp:attachment":[{"href":"https:\/\/www.saccent.net\/fr\/wp-json\/wp\/v2\/media?parent=4234"}],"wp:term":[{"taxonomy":"category","embeddable":true,"href":"https:\/\/www.saccent.net\/fr\/wp-json\/wp\/v2\/categories?post=4234"},{"taxonomy":"post_tag","embeddable":true,"href":"https:\/\/www.saccent.net\/fr\/wp-json\/wp\/v2\/tags?post=4234"}],"curies":[{"name":"wp","href":"https:\/\/api.w.org\/{rel}","templated":true}]}}